{"id":3066,"date":"2020-11-09T17:31:55","date_gmt":"2020-11-09T16:31:55","guid":{"rendered":"https:\/\/www.jennifer-b-wind.com\/wordpress-2019\/?p=3066"},"modified":"2021-08-17T23:42:48","modified_gmt":"2021-08-17T21:42:48","slug":"interview-mit-meiner-bloggerpatin-tami","status":"publish","type":"post","link":"https:\/\/www.jennifer-b-wind.com\/wordpress-2019\/interview-mit-meiner-bloggerpatin-tami\/","title":{"rendered":"Interview mit meiner Bloggerpatin Tami"},"content":{"rendered":"\n<div class=\"wp-block-image\"><figure class=\"aligncenter\"><img loading=\"lazy\" width=\"640\" height=\"640\" src=\"https:\/\/www.jennifer-b-wind.com\/wordpress-2019\/wp-content\/uploads\/2020\/11\/121718487_134659568394524_3376579187045470897_n.jpg\" alt=\"\" class=\"wp-image-3067\" srcset=\"https:\/\/www.jennifer-b-wind.com\/wordpress-2019\/wp-content\/uploads\/2020\/11\/121718487_134659568394524_3376579187045470897_n.jpg 640w, https:\/\/www.jennifer-b-wind.com\/wordpress-2019\/wp-content\/uploads\/2020\/11\/121718487_134659568394524_3376579187045470897_n-150x150.jpg 150w, https:\/\/www.jennifer-b-wind.com\/wordpress-2019\/wp-content\/uploads\/2020\/11\/121718487_134659568394524_3376579187045470897_n-300x300.jpg 300w\" sizes=\"(max-width: 640px) 100vw, 640px\" \/><\/figure><\/div>\n\n\n\n<h4>Warum\nbloggst du am liebsten \u00fcber Thriller?<\/h4>\n\n\n\n<blockquote class=\"wp-block-quote\"><p>Thriller und Krimis geh\u00f6ren zu meinen liebsten Genres. Daher lese ich am meisten auch in diesen beiden Kategorien. Besonders gerne mag ich daran das Mitraten, wer denn wohl der\/die T\u00e4ter:in sein mag. Au\u00dferdem liebe ich diese d\u00fcstere Atmosph\u00e4re, die sich beim Lesen meist ganz von selbst einstellt. Daher hat es sich so ergeben, dass ich eben auch sehr gerne \u00fcber Thriller und Krimis schreibe.<\/p><\/blockquote>\n\n\n\n<h4>Was\nwar der erste Thriller, der dich so richtig gepackt hat?<\/h4>\n\n\n\n<blockquote class=\"wp-block-quote\"><p>Um diese Frage beantworten zu k\u00f6nnen, musste ich mal eben schnell ins Schlafzimmer huschen. Der erste Thriller, an den ich mich erinnere, zog vor sehr langer Zeit bei mir ein. Ich war damals in Spanien mit meiner Familie um Urlaub und hatte zu wenig Lesestoff eingepackt. Ich \u00fcberredete also meinen Papa mit mir zum n\u00e4chsten Kiosk zu gehen. Dort st\u00f6berte ich durch die Regale und stie\u00df auf \u201eDie f\u00fcnfte Offenbarung\u201c von Pierre Billon. Der erste Thriller, der bei mir einzog. Und es sollten nicht nur in diesem Urlaub noch viele weitere folgen.  <\/p><\/blockquote>\n\n\n\n<div class=\"wp-block-image\"><figure class=\"aligncenter\"><img loading=\"lazy\" width=\"640\" height=\"640\" src=\"https:\/\/www.jennifer-b-wind.com\/wordpress-2019\/wp-content\/uploads\/2020\/11\/121495993_653191818544222_326427021751160336_n.jpg\" alt=\"\" class=\"wp-image-3068\" srcset=\"https:\/\/www.jennifer-b-wind.com\/wordpress-2019\/wp-content\/uploads\/2020\/11\/121495993_653191818544222_326427021751160336_n.jpg 640w, https:\/\/www.jennifer-b-wind.com\/wordpress-2019\/wp-content\/uploads\/2020\/11\/121495993_653191818544222_326427021751160336_n-150x150.jpg 150w, https:\/\/www.jennifer-b-wind.com\/wordpress-2019\/wp-content\/uploads\/2020\/11\/121495993_653191818544222_326427021751160336_n-300x300.jpg 300w\" sizes=\"(max-width: 640px) 100vw, 640px\" \/><\/figure><\/div>\n\n\n\n<h4>Kannst\ndu nach dem Lesen gut schlafen?<\/h4>\n\n\n\n<blockquote class=\"wp-block-quote\"><p>Sehr gut. Ich habe da keine Bedenken. Ich h\u00f6re auch sehr gerne H\u00f6rb\u00fccher und -spiele zum Einschlafen. Die d\u00fcrfen auch gerne gruselig sein.<\/p><\/blockquote>\n\n\n\n<h4>Du\nbist ein Serienjunkie, genau wie ich. Welche Serien liebst du?<\/h4>\n\n\n\n<blockquote class=\"wp-block-quote\"><p>Oh, das ist keine leichte Frage. Ich liebe Supernatural, Desperate Housewives, Vikings und Gilmore Girls. Doch diese Liste k\u00f6nnte meiner Meinung nach beliebig erweitert werden.<\/p><\/blockquote>\n\n\n\n<div class=\"wp-block-image\"><figure class=\"aligncenter\"><img loading=\"lazy\" width=\"640\" height=\"640\" src=\"https:\/\/www.jennifer-b-wind.com\/wordpress-2019\/wp-content\/uploads\/2020\/11\/124192627_708636346743178_8340458629757377759_n.jpg\" alt=\"\" class=\"wp-image-3069\" srcset=\"https:\/\/www.jennifer-b-wind.com\/wordpress-2019\/wp-content\/uploads\/2020\/11\/124192627_708636346743178_8340458629757377759_n.jpg 640w, https:\/\/www.jennifer-b-wind.com\/wordpress-2019\/wp-content\/uploads\/2020\/11\/124192627_708636346743178_8340458629757377759_n-150x150.jpg 150w, https:\/\/www.jennifer-b-wind.com\/wordpress-2019\/wp-content\/uploads\/2020\/11\/124192627_708636346743178_8340458629757377759_n-300x300.jpg 300w\" sizes=\"(max-width: 640px) 100vw, 640px\" \/><\/figure><\/div>\n\n\n\n<h4>Was\nf\u00fcr eine Serie fehlt deiner Meinung nach noch?<\/h4>\n\n\n\n<blockquote class=\"wp-block-quote\"><p>Ich freue mich schon jetzt wahnsinnig auf die \u201eHerr der Ringe\u201c-Serie.<\/p><\/blockquote>\n\n\n\n<h4>Welches\nBuch sollte mal geschrieben werden?<\/h4>\n\n\n\n<blockquote class=\"wp-block-quote\"><p>Puh, das \u00fcberlasse ich den Profis. Ich selbst schreibe keine B\u00fccher und habe (zumindest aktuell) auch keine Ambitionen dazu. Ich sehe mich da eher auf der Seite der Lesenden. Aber ich freue mich sehr \u00fcber Nachschub!<\/p><\/blockquote>\n\n\n\n<div class=\"wp-block-image\"><figure class=\"aligncenter\"><img loading=\"lazy\" width=\"640\" height=\"640\" src=\"https:\/\/www.jennifer-b-wind.com\/wordpress-2019\/wp-content\/uploads\/2020\/11\/120880003_777078389794171_6619044636273897088_n.jpg\" alt=\"\" class=\"wp-image-3070\" srcset=\"https:\/\/www.jennifer-b-wind.com\/wordpress-2019\/wp-content\/uploads\/2020\/11\/120880003_777078389794171_6619044636273897088_n.jpg 640w, https:\/\/www.jennifer-b-wind.com\/wordpress-2019\/wp-content\/uploads\/2020\/11\/120880003_777078389794171_6619044636273897088_n-150x150.jpg 150w, https:\/\/www.jennifer-b-wind.com\/wordpress-2019\/wp-content\/uploads\/2020\/11\/120880003_777078389794171_6619044636273897088_n-300x300.jpg 300w\" sizes=\"(max-width: 640px) 100vw, 640px\" \/><\/figure><\/div>\n\n\n\n<h4>Tee\noder Kaffee?<\/h4>\n\n\n\n<blockquote class=\"wp-block-quote\"><p>Geht auch beides? W\u00e4hrend ich das schreibe, trinke ich zwar Tee. Aber f\u00fcr Kaffee bin ich immer zu haben!<\/p><\/blockquote>\n\n\n\n<h4>Stadt\noder Land?<\/h4>\n\n\n\n<blockquote class=\"wp-block-quote\"><p>Ich bin auf dem Land geboren \u2013 und vermisse es immer noch jeden Tag. Aber ich wohne seit 9 Jahren in der Stadt und habe mich nat\u00fcrlich an die angenehmen M\u00f6glichkeiten, die sich einem hier bieten, gew\u00f6hnt.<\/p><\/blockquote>\n\n\n\n<h4>Was\nist deine Lieblingsbesch\u00e4ftigung neben dem Lesen und Bloggen?<\/h4>\n\n\n\n<blockquote class=\"wp-block-quote\"><p>Kochen und Backen. Oh, und mit meinen beiden Katzen schmusen. Und nat\u00fcrlich darf ich die Serien nicht vergessen.<\/p><\/blockquote>\n\n\n\n<div class=\"wp-block-image\"><figure class=\"aligncenter\"><img loading=\"lazy\" width=\"640\" height=\"640\" src=\"https:\/\/www.jennifer-b-wind.com\/wordpress-2019\/wp-content\/uploads\/2020\/11\/122531593_211032833704640_1323798067029397564_n.jpg\" alt=\"\" class=\"wp-image-3071\" srcset=\"https:\/\/www.jennifer-b-wind.com\/wordpress-2019\/wp-content\/uploads\/2020\/11\/122531593_211032833704640_1323798067029397564_n.jpg 640w, https:\/\/www.jennifer-b-wind.com\/wordpress-2019\/wp-content\/uploads\/2020\/11\/122531593_211032833704640_1323798067029397564_n-150x150.jpg 150w, https:\/\/www.jennifer-b-wind.com\/wordpress-2019\/wp-content\/uploads\/2020\/11\/122531593_211032833704640_1323798067029397564_n-300x300.jpg 300w\" sizes=\"(max-width: 640px) 100vw, 640px\" \/><\/figure><\/div>\n\n\n\n<h4>Seit wann betreibst du deinen Podcast und wie bist du auf die Idee gekommen?<\/h4>\n\n\n\n<blockquote class=\"wp-block-quote\"><p>Den Podcast gibt es seit August 2018 zusammen mit drei Freundinnen. Eine von uns hatte damals nach Serienjunkies gesucht, die Lust auf einen Podcast hatten. Da ich zwei von den drei Bloggerinnen schon kannte, war f\u00fcr mich die Sache klar: Ich m\u00f6chte dabei sein. Seitdem sind wir ein eingespieltes Team. Erst Anfang der Woche haben wir eine neue Folge aufgenommen, da wir nach unserer Pause wieder durchstarten wollen.  <\/p><\/blockquote>\n\n\n\n<h4>Warum\nmachst du bei der Onlinebuchmesse mit?<\/h4>\n\n\n\n<blockquote class=\"wp-block-quote\"><p>Von der Onlinebuchmesse erhoffe ich mir eine gute Vernetzung mit anderen Buchbloggern und einen engen Draht zu Autoren und Autorinnen. Ich freue mich, neue Menschen und Geschichten kennen lernen zu k\u00f6nnen. Leider ist dieses Messejahr so ganz anders, als erwartet. Aber daf\u00fcr ist die OBM eine sichere Messe, die uns alle bereichern kann.<\/p><\/blockquote>\n\n\n\n<h4>Und hier noch 5 Fakten \u00fcber Tami!<\/h4>\n\n\n\n<div class=\"wp-block-image\"><figure class=\"aligncenter\"><img loading=\"lazy\" width=\"640\" height=\"640\" src=\"https:\/\/www.jennifer-b-wind.com\/wordpress-2019\/wp-content\/uploads\/2020\/11\/123389266_402349794109308_3495647174857789014_n.jpg\" alt=\"\" class=\"wp-image-3072\" srcset=\"https:\/\/www.jennifer-b-wind.com\/wordpress-2019\/wp-content\/uploads\/2020\/11\/123389266_402349794109308_3495647174857789014_n.jpg 640w, https:\/\/www.jennifer-b-wind.com\/wordpress-2019\/wp-content\/uploads\/2020\/11\/123389266_402349794109308_3495647174857789014_n-150x150.jpg 150w, https:\/\/www.jennifer-b-wind.com\/wordpress-2019\/wp-content\/uploads\/2020\/11\/123389266_402349794109308_3495647174857789014_n-300x300.jpg 300w\" sizes=\"(max-width: 640px) 100vw, 640px\" \/><\/figure><\/div>\n\n\n\n<div class=\"wp-block-image\"><figure class=\"aligncenter\"><img loading=\"lazy\" width=\"982\" height=\"982\" src=\"https:\/\/www.jennifer-b-wind.com\/wordpress-2019\/wp-content\/uploads\/2020\/11\/123378125_1186009148460181_5535123593675847934_n.jpg\" alt=\"\" class=\"wp-image-3073\" srcset=\"https:\/\/www.jennifer-b-wind.com\/wordpress-2019\/wp-content\/uploads\/2020\/11\/123378125_1186009148460181_5535123593675847934_n.jpg 982w, https:\/\/www.jennifer-b-wind.com\/wordpress-2019\/wp-content\/uploads\/2020\/11\/123378125_1186009148460181_5535123593675847934_n-150x150.jpg 150w, https:\/\/www.jennifer-b-wind.com\/wordpress-2019\/wp-content\/uploads\/2020\/11\/123378125_1186009148460181_5535123593675847934_n-300x300.jpg 300w, https:\/\/www.jennifer-b-wind.com\/wordpress-2019\/wp-content\/uploads\/2020\/11\/123378125_1186009148460181_5535123593675847934_n-768x768.jpg 768w\" sizes=\"(max-width: 982px) 100vw, 982px\" \/><\/figure><\/div>\n\n\n\n<figure class=\"wp-block-image\"><img loading=\"lazy\" width=\"980\" height=\"980\" src=\"https:\/\/www.jennifer-b-wind.com\/wordpress-2019\/wp-content\/uploads\/2020\/11\/123370604_680830832858783_4152467222887791154_n.jpg\" alt=\"\" class=\"wp-image-3074\" srcset=\"https:\/\/www.jennifer-b-wind.com\/wordpress-2019\/wp-content\/uploads\/2020\/11\/123370604_680830832858783_4152467222887791154_n.jpg 980w, https:\/\/www.jennifer-b-wind.com\/wordpress-2019\/wp-content\/uploads\/2020\/11\/123370604_680830832858783_4152467222887791154_n-150x150.jpg 150w, https:\/\/www.jennifer-b-wind.com\/wordpress-2019\/wp-content\/uploads\/2020\/11\/123370604_680830832858783_4152467222887791154_n-300x300.jpg 300w, https:\/\/www.jennifer-b-wind.com\/wordpress-2019\/wp-content\/uploads\/2020\/11\/123370604_680830832858783_4152467222887791154_n-768x768.jpg 768w\" sizes=\"(max-width: 980px) 100vw, 980px\" \/><\/figure>\n\n\n\n<figure class=\"wp-block-image\"><img loading=\"lazy\" width=\"977\" height=\"977\" src=\"https:\/\/www.jennifer-b-wind.com\/wordpress-2019\/wp-content\/uploads\/2020\/11\/123404631_4975134902528328_1550130021151545870_n.jpg\" alt=\"\" class=\"wp-image-3075\" srcset=\"https:\/\/www.jennifer-b-wind.com\/wordpress-2019\/wp-content\/uploads\/2020\/11\/123404631_4975134902528328_1550130021151545870_n.jpg 977w, https:\/\/www.jennifer-b-wind.com\/wordpress-2019\/wp-content\/uploads\/2020\/11\/123404631_4975134902528328_1550130021151545870_n-150x150.jpg 150w, https:\/\/www.jennifer-b-wind.com\/wordpress-2019\/wp-content\/uploads\/2020\/11\/123404631_4975134902528328_1550130021151545870_n-300x300.jpg 300w, https:\/\/www.jennifer-b-wind.com\/wordpress-2019\/wp-content\/uploads\/2020\/11\/123404631_4975134902528328_1550130021151545870_n-768x768.jpg 768w\" sizes=\"(max-width: 977px) 100vw, 977px\" \/><\/figure>\n\n\n\n<figure class=\"wp-block-image\"><img loading=\"lazy\" width=\"984\" height=\"984\" src=\"https:\/\/www.jennifer-b-wind.com\/wordpress-2019\/wp-content\/uploads\/2020\/11\/123404238_1029474707555125_6381871701402603020_n.jpg\" alt=\"\" class=\"wp-image-3076\" srcset=\"https:\/\/www.jennifer-b-wind.com\/wordpress-2019\/wp-content\/uploads\/2020\/11\/123404238_1029474707555125_6381871701402603020_n.jpg 984w, https:\/\/www.jennifer-b-wind.com\/wordpress-2019\/wp-content\/uploads\/2020\/11\/123404238_1029474707555125_6381871701402603020_n-150x150.jpg 150w, https:\/\/www.jennifer-b-wind.com\/wordpress-2019\/wp-content\/uploads\/2020\/11\/123404238_1029474707555125_6381871701402603020_n-300x300.jpg 300w, https:\/\/www.jennifer-b-wind.com\/wordpress-2019\/wp-content\/uploads\/2020\/11\/123404238_1029474707555125_6381871701402603020_n-768x768.jpg 768w\" sizes=\"(max-width: 984px) 100vw, 984px\" \/><\/figure>\n\n\n\n<h4>Vielen lieben Dank Tami f\u00fcr das tolle Interview und danke f\u00fcr deine Unterst\u00fctzung auf der Onlinebuchmesse.<\/h4>\n\n\n\n<p><strong>Und ihr solltet nur beim Tami auf ihrem Blog vorbei schauen, denn sie hat mich interviewt und au\u00dferdem haben wir gemeinsam ein Gewinnspiel gestartet, bei dem ihr tolle Buchboxen gewinnen k\u00f6nnt! <\/strong><\/p>\n\n\n\n<p><strong>Guckt gleich mal r\u00fcber zu <\/strong><a href=\"https:\/\/www.thefantasticworldofmine.de\/\"><strong>THEFANTASTICWORLDOFMINE<\/strong><\/a>! Viel Spa\u00df beim Lesen und viel Gl\u00fcck beim Gewinnspiel!<\/p>\n\n\n\n<p>Bis Bald <\/p>\n\n\n\n<p>Eure Jenny<\/p>\n\n\n\n<p><\/p>\n","protected":false},"excerpt":{"rendered":"<p>Warum bloggst du am liebsten \u00fcber Thriller? Thriller und Krimis geh\u00f6ren zu meinen liebsten Genres. Daher lese ich am meisten auch in diesen beiden Kategorien. Besonders gerne mag ich daran das Mitraten, wer denn wohl der\/die T\u00e4ter:in sein mag. Au\u00dferdem liebe ich diese d\u00fcstere Atmosph\u00e4re, die sich beim Lesen meist ganz von selbst einstellt. Daher [&hellip;]<\/p>\n","protected":false},"author":2,"featured_media":3077,"comment_status":"closed","ping_status":"open","sticky":false,"template":"","format":"gallery","meta":[],"categories":[49,72,100,70],"tags":[],"_links":{"self":[{"href":"https:\/\/www.jennifer-b-wind.com\/wordpress-2019\/wp-json\/wp\/v2\/posts\/3066"}],"collection":[{"href":"https:\/\/www.jennifer-b-wind.com\/wordpress-2019\/wp-json\/wp\/v2\/posts"}],"about":[{"href":"https:\/\/www.jennifer-b-wind.com\/wordpress-2019\/wp-json\/wp\/v2\/types\/post"}],"author":[{"embeddable":true,"href":"https:\/\/www.jennifer-b-wind.com\/wordpress-2019\/wp-json\/wp\/v2\/users\/2"}],"replies":[{"embeddable":true,"href":"https:\/\/www.jennifer-b-wind.com\/wordpress-2019\/wp-json\/wp\/v2\/comments?post=3066"}],"version-history":[{"count":1,"href":"https:\/\/www.jennifer-b-wind.com\/wordpress-2019\/wp-json\/wp\/v2\/posts\/3066\/revisions"}],"predecessor-version":[{"id":3078,"href":"https:\/\/www.jennifer-b-wind.com\/wordpress-2019\/wp-json\/wp\/v2\/posts\/3066\/revisions\/3078"}],"wp:featuredmedia":[{"embeddable":true,"href":"https:\/\/www.jennifer-b-wind.com\/wordpress-2019\/wp-json\/wp\/v2\/media\/3077"}],"wp:attachment":[{"href":"https:\/\/www.jennifer-b-wind.com\/wordpress-2019\/wp-json\/wp\/v2\/media?parent=3066"}],"wp:term":[{"taxonomy":"category","embeddable":true,"href":"https:\/\/www.jennifer-b-wind.com\/wordpress-2019\/wp-json\/wp\/v2\/categories?post=3066"},{"taxonomy":"post_tag","embeddable":true,"href":"https:\/\/www.jennifer-b-wind.com\/wordpress-2019\/wp-json\/wp\/v2\/tags?post=3066"}],"curies":[{"name":"wp","href":"https:\/\/api.w.org\/{rel}","templated":true}]}}